{"id":933,"date":"2012-01-22T18:13:49","date_gmt":"2012-01-22T16:13:49","guid":{"rendered":"http:\/\/uuninpankkopoika.byethost31.com\/?p=933"},"modified":"2018-02-28T10:45:25","modified_gmt":"2018-02-28T08:45:25","slug":"varsinainen-agitaattori","status":"publish","type":"post","link":"https:\/\/blogit.apu.fi\/uuninpankkopoikasakutimonen\/2012\/01\/22\/varsinainen-agitaattori\/","title":{"rendered":"Varsinainen agitaattori"},"content":{"rendered":"<p>Perussuomalaisella puolueella on yksi n\u00e4kyv\u00e4 puolestapuhuja, joka yht\u00e4 muiden tavoittamaa kannattajaa kohti saa luultavasti ainakin sata muuta karkoitettua mahdollisimman kauaksi. H\u00e4n toimii nykyisin facebookissa natsiaatteellisella salanimell\u00e4 Leon Degrelle, koska h\u00e4nen oikean nimens\u00e4 erilaiset kirjoitustavat kai p\u00e4\u00e4siv\u00e4t loppumaan useiden tilinsulkemisten takia. H\u00e4n ei ole ihan kuka tahansa rivij\u00e4sen, mutta en viitsi mainostaa h\u00e4nen oikeaa nime\u00e4\u00e4n.\u00a0 H\u00e4nen tyylins\u00e4 tuntien tulen muutenkin saamaan tankkiautollisen lietelantaa niskaani, vaikka vain siteeraan pelk\u00e4st\u00e4\u00e4n h\u00e4nt\u00e4 itse\u00e4\u00e4n er\u00e4\u00e4ss\u00e4\u00a0 t\u00e4m\u00e4np\u00e4iv\u00e4isess\u00e4 keskusteluketjussa.<\/p>\n<p><span class=\"commentBody\">N\u00e4in siis Leon: <\/span><\/p>\n<p><em><span class=\"commentBody\">Olen varma, ett\u00e4 kansalaisten  silm\u00e4laput tippuvat ja saamme nationalistisen h\u00e4t\u00e4tilahallituksen jo  seuraavissa eduskuntavaaleissa. T\u00e4m\u00e4 kansallinen hallitus s\u00e4\u00e4t\u00e4\u00e4  karkoituslain, mink\u00e4 nojalla kaikki \u00e4\u00e4ri-islamistit, raiskaajat ja rikolliset karkoitetaan v\u00e4litt\u00f6m\u00e4sti maasta. Luonnollisesti armeija,  poliisi ja virkamiehet tottelevat vain sis\u00e4ministeri\u00e4 esim. Jussi  Halla-ahoa. My\u00f6s vihervasemmistolaisten maanpetturien ja mustalaisten  uudelleenkoulutusleirit tullaan n\u00e4kem\u00e4\u00e4n, ehk\u00e4 my\u00f6s homojen eheytyskurssit samoissa leireiss\u00e4. <\/span><\/em><\/p>\n<p><em><span class=\"commentBody\">Suomessa kaikki valta kuuluu  luonnollisesti kansalle, mutta t\u00e4\u00e4ll\u00e4 h\u00e4d\u00e4n hetkell\u00e4 Timo Soinista  pit\u00e4isi tehd\u00e4 kansamme ylin tuomari. H\u00e4nen ja perussuomalaisten avulla  voisimme taata yhteiskunnallisen oikeudenmukaisuden ja kest\u00e4v\u00e4n  rauhanomaisen kehityksen ilman rikollisia aineksia ja \u00e4\u00e4rimielipiteit\u00e4  viherpunikkien suunnalta. Samoin k\u00e4ynnist\u00e4\u00e4 odotetut vihamielisen  v\u00e4est\u00f6nosan karkoitukset l\u00e4ht\u00f6maihinsa.<\/span><\/em><\/p>\n<p><em><span class=\"commentBody\">Fiksut saksalaiset k\u00e4yttiv\u00e4t jo  -30 luvulla ns. kaasutusbusseja likvidoimaan ep\u00e4ilytt\u00e4v\u00e4t ainekset.  Uuden nationalistisen hallituksen pit\u00e4\u00e4 harkita samaa k\u00e4yt\u00e4nt\u00f6\u00e4  l\u00e4hi\u00f6iss\u00e4 valtaan tultuaan. Tunnen paljon vapaaehtoisia kuskeja&#8230;<\/span><\/em><\/p>\n<p>T\u00e4m\u00e4 mies tuntuu suunnittelevan ihan t\u00e4ytt\u00e4 p\u00e4\u00e4t\u00e4 vallankumousta, totalitaarista johtajavaltiota ja kansanmurhaa. Onkohan puoluejohto tietoinen h\u00e4nen puheistaan ja jos on, niin aikooko se tehd\u00e4 asialle mit\u00e4\u00e4n?<\/p>\n","protected":false},"excerpt":{"rendered":"<p>Perussuomalaisella puolueella on yksi n\u00e4kyv\u00e4 puolestapuhuja, joka yht\u00e4 muiden tavoittamaa kannattajaa kohti&hellip;<\/p>\n","protected":false},"author":62,"featured_media":0,"comment_status":"closed","ping_status":"closed","sticky":false,"template":"","format":"standard","meta":{"footnotes":""},"categories":[5],"tags":[1427,1667,1668,156,1669],"acf":[],"platta":{"numLikes":1,"numComments":7,"category":null,"themes":[],"commercial_partner":null,"thumbnail":false,"blog_id":64},"jetpack_featured_media_url":"","_links":{"self":[{"href":"https:\/\/blogit.apu.fi\/uuninpankkopoikasakutimonen\/api\/wp\/v2\/posts\/933"}],"collection":[{"href":"https:\/\/blogit.apu.fi\/uuninpankkopoikasakutimonen\/api\/wp\/v2\/posts"}],"about":[{"href":"https:\/\/blogit.apu.fi\/uuninpankkopoikasakutimonen\/api\/wp\/v2\/types\/post"}],"author":[{"embeddable":true,"href":"https:\/\/blogit.apu.fi\/uuninpankkopoikasakutimonen\/api\/wp\/v2\/users\/62"}],"replies":[{"embeddable":true,"href":"https:\/\/blogit.apu.fi\/uuninpankkopoikasakutimonen\/api\/wp\/v2\/comments?post=933"}],"version-history":[{"count":1,"href":"https:\/\/blogit.apu.fi\/uuninpankkopoikasakutimonen\/api\/wp\/v2\/posts\/933\/revisions"}],"predecessor-version":[{"id":22904,"href":"https:\/\/blogit.apu.fi\/uuninpankkopoikasakutimonen\/api\/wp\/v2\/posts\/933\/revisions\/22904"}],"wp:attachment":[{"href":"https:\/\/blogit.apu.fi\/uuninpankkopoikasakutimonen\/api\/wp\/v2\/media?parent=933"}],"wp:term":[{"taxonomy":"category","embeddable":true,"href":"https:\/\/blogit.apu.fi\/uuninpankkopoikasakutimonen\/api\/wp\/v2\/categories?post=933"},{"taxonomy":"post_tag","embeddable":true,"href":"https:\/\/blogit.apu.fi\/uuninpankkopoikasakutimonen\/api\/wp\/v2\/tags?post=933"}],"curies":[{"name":"wp","href":"https:\/\/api.w.org\/{rel}","templated":true}]}}